{"id":608,"date":"2010-11-02T17:01:55","date_gmt":"2010-11-02T17:01:55","guid":{"rendered":"http:\/\/www.manutd-france.com\/v5\/?p=608"},"modified":"2010-11-02T19:16:23","modified_gmt":"2010-11-02T19:16:23","slug":"pl-chicharito-nest-pas-en-retard","status":"publish","type":"post","link":"https:\/\/www.manutd-france.com\/v5\/pl-chicharito-nest-pas-en-retard\/","title":{"rendered":"\u00ab\u00a0Chicharito\u00a0\u00bb s&rsquo;impose \u00e0 OT"},"content":{"rendered":"<div style=\"float: right; margin-left: 10px;\"><a href=\"https:\/\/twitter.com\/share\" class=\"twitter-share-button\" data-via=\"Muscfrance\" data-count=\"vertical\" data-url=\"https:\/\/www.manutd-france.com\/v5\/pl-chicharito-nest-pas-en-retard\/\">Tweet<\/a><\/div>\n<p>Arriv\u00e9 cette saison \u00e0 Manchester United, Javier Hernandez n&rsquo;a pas tard\u00e9 \u00e0 se rendre utile. Auteur de trois buts la semaine derni\u00e8re, le mexicain a parfaitement suppl\u00e9\u00e9 Wayne Rooney.<\/p>\n<p>Les absents ont toujours tort&#8230; M\u00eame lorsqu&rsquo;ils s&rsquo;appellent Wayne Rooney.\u00a0Sur le flanc en raison d&rsquo;une cheville douloureuse et auteur d&rsquo;une volte-face qui a fait couler beaucoup d&rsquo;encre, l&rsquo;international anglais a fait plus de mal que de bien \u00e0 son club ces derniers temps.<\/p>\n<p>Heureusement, Javier Hernandez, 22 ans, a r\u00e9\u00e9quilibr\u00e9 la balance sur le terrain. Une semaine apr\u00e8s avoir ouvert son compteur en Premier League face\u00a0\u00e0 West Bromwich Albion\u00a0(2-2), \u00ab\u00a0Chicharito\u00a0\u00bb, son surnom qui signifie \u00ab\u00a0Petit Pois\u00a0\u00bb, a offert deux succ\u00e8s pr\u00e9cieux aux Red Devils, il y a 10 jours\u00a0\u00e0 Stoke City (1-2) o\u00f9 il a sign\u00e9 le premier doubl\u00e9 de sa carri\u00e8re anglaise ; et mercredi dernier \u00e0 Old Trafford lors de la Cup face \u00e0 Wolverhampton (3-2). Entr\u00e9 en jeu \u00e0 la 81e, il est all\u00e9 offrir la qualification aux siens \u00e0 la derni\u00e8re minute de jeu.<\/p>\n<p>Un bonheur pour Sir Alex Ferguson qui doit se dire qu&rsquo;il a bien fait de rester discret quand il est all\u00e9 chercher le petit mexicain de l&rsquo;autre c\u00f4t\u00e9 de l&rsquo;Atlantique au printemps dernier. Personne, mis \u00e0 part le joueur et son p\u00e8re, n\u2019\u00e9tait au courant du deal \u00e0 venir. Ferguson et MU suivaient pourtant l&rsquo;attaquant depuis quelques mois. <em>\u00ab\u00a0On avait entendu parler de lui en octobre 2009. Un de nos recruteurs est all\u00e9 voir quelques-uns de ses matches en d\u00e9cembre et ses compte-rendus \u00e9taient tr\u00e8s bons. On voulait attendre car il \u00e9tait jeune. Mais quand l&rsquo;\u00e9quipe nationale mexicaine a fait appel \u00e0 lui et qu&rsquo;il risquait de jouer la Coupe du Monde, on s&rsquo;est dit qu&rsquo;on risquait de le perdre\u00a0\u00bb<\/em>, se rem\u00e9more Sir Alex Ferguson. Du coup, l&rsquo;affaire a \u00e9t\u00e9 conclue en deux temps, trois mouvements. Et pour la modique somme de dix millions d&rsquo;euros, l&rsquo;international mexicain a quitt\u00e9 Chivas pour grossir les rangs du club aux dix-huit titres de champion d\u2019Angleterre.<\/p>\n<p>Premier mexicain de l&rsquo;histoire \u00e0 porter le maillot des Red Devils, Javier Hernandez, qui a marqu\u00e9 face aux Bleus durant le Montial, n&rsquo;a eu aucun probl\u00e8me d&rsquo;int\u00e9gration et progresse \u00e0 vitesse grand V.<\/p>\n<p>\u00ab\u00a0<em>C&rsquo;est un tr\u00e8s grand professionnel ce gamin. Il est le premier \u00e0 l&rsquo;entra\u00eenement, le dernier \u00e0 en repartir, et ceci, chaque jour. Ses buts lui donnent beaucoup de cr\u00e9dit<\/em>\u00ab\u00a0, s&rsquo;enflamme son manager Sir Alex Ferguson, qui en profite pour envoyer un message \u00e0 certains. \u00ab\u00a0<em>Son toucher et son contr\u00f4le de balle s&rsquo;am\u00e9liorent. Sa vision du jeu aussi. Mais tout cela gr\u00e2ce \u00e0 son travail\u00a0\u00bb.<\/em><\/p>\n<p>Utilis\u00e9 en qualit\u00e9 de joker en tout d\u00e9but de saison et passant fort logiquement derri\u00e8re la paire Berbatov \/ Rooney, l&rsquo;international mexicain au physique fluet (1,73 m &#8211; 62 kg) a su saisir les occasions qui se pr\u00e9sentaient \u00e0 lui. On l&rsquo;a vu ces derniers jours durant lesquels il a parfaitement suppl\u00e9\u00e9 Rooney. Mais un peu plus t\u00f4t dans la saison, le mexicain avait d\u00e9j\u00e0 marqu\u00e9 les esprits et des buts, lors du Community Shield et surtout \u00e0 Valence en Ligue des Champions (0-1).<\/p>\n<p>Fils d&rsquo;un ancien international mexicain &#8211; lui aussi nomm\u00e9 Javier Hernandez et surnomm\u00e9 \u00ab\u00a0Chicharo\u00a0\u00bb (pois) -, le num\u00e9ro 14 des Red Devils a tr\u00e8s vite \u00e9t\u00e9 adopt\u00e9 par Old Trafford. Encore quelques buts et Manchester United pourra lui laisser les cl\u00e9s de la maison. Si certains venaient \u00e0 avoir de nouvelles envies d&rsquo;ailleurs, \u00e7a pourrait \u00eatre utile&#8230;<\/p>\n<p>Source Eurosport (extrait)<\/p>\n","protected":false},"excerpt":{"rendered":"<p>Des sombreros \u00e0 Old trafford, un mexicain sur le terrain<\/p>\n","protected":false},"author":6,"featured_media":0,"comment_status":"open","ping_status":"open","sticky":false,"template":"","format":"standard","meta":[],"categories":[7,6],"tags":[28,29,12],"_links":{"self":[{"href":"https:\/\/www.manutd-france.com\/v5\/wp-json\/wp\/v2\/posts\/608"}],"collection":[{"href":"https:\/\/www.manutd-france.com\/v5\/wp-json\/wp\/v2\/posts"}],"about":[{"href":"https:\/\/www.manutd-france.com\/v5\/wp-json\/wp\/v2\/types\/post"}],"author":[{"embeddable":true,"href":"https:\/\/www.manutd-france.com\/v5\/wp-json\/wp\/v2\/users\/6"}],"replies":[{"embeddable":true,"href":"https:\/\/www.manutd-france.com\/v5\/wp-json\/wp\/v2\/comments?post=608"}],"version-history":[{"count":5,"href":"https:\/\/www.manutd-france.com\/v5\/wp-json\/wp\/v2\/posts\/608\/revisions"}],"predecessor-version":[{"id":613,"href":"https:\/\/www.manutd-france.com\/v5\/wp-json\/wp\/v2\/posts\/608\/revisions\/613"}],"wp:attachment":[{"href":"https:\/\/www.manutd-france.com\/v5\/wp-json\/wp\/v2\/media?parent=608"}],"wp:term":[{"taxonomy":"category","embeddable":true,"href":"https:\/\/www.manutd-france.com\/v5\/wp-json\/wp\/v2\/categories?post=608"},{"taxonomy":"post_tag","embeddable":true,"href":"https:\/\/www.manutd-france.com\/v5\/wp-json\/wp\/v2\/tags?post=608"}],"curies":[{"name":"wp","href":"https:\/\/api.w.org\/{rel}","templated":true}]}}