{"id":3163,"date":"2025-07-07T17:33:08","date_gmt":"2025-07-07T15:33:08","guid":{"rendered":"https:\/\/www.manutd-france.com\/v5\/?p=3163"},"modified":"2025-07-07T17:33:08","modified_gmt":"2025-07-07T15:33:08","slug":"billetterie-octobre-saison-2025-2026","status":"publish","type":"post","link":"https:\/\/www.manutd-france.com\/v5\/billetterie-octobre-saison-2025-2026\/","title":{"rendered":"Billetterie &#8211; Octobre &#8211; Saison 2025\/2026"},"content":{"rendered":"<div style=\"float: right; margin-left: 10px;\"><a href=\"https:\/\/twitter.com\/share\" class=\"twitter-share-button\" data-via=\"Muscfrance\" data-count=\"vertical\" data-url=\"https:\/\/www.manutd-france.com\/v5\/billetterie-octobre-saison-2025-2026\/\">Tweet<\/a><\/div>\n<p><strong>En raison des changements tarifaires du club pour la saison 2025\/2026, nous avons d\u00fb adapter le prix auquel nous vous proposons les places \u00e0 Old Trafford.\u00a0<a rel=\"noreferrer noopener\" href=\"https:\/\/manutd-france.com\/NL\/information25261\/\" target=\"_blank\">En savoir plus<\/a><\/strong><\/p>\n\n\n\n<p><strong>ET OUI, C&rsquo;EST LA REPRISE ! <\/strong><\/p>\n\n\n\n<p>Les joueurs profitent de leurs derniers jours de vacances avant le retour \u00e0 l&rsquo;entra\u00eenement pr\u00e9vu cette semaine. R\u00f9ben Amorim et son staff, eux, sont d\u00e9j\u00e0 de retour \u00e0 Carrington depuis quelques jours.<\/p>\n\n\n\n<p>Le mercato, qui avait bien commenc\u00e9, stagne un peu pour le moment m\u00eame si le Club enregistre l&rsquo;arriv\u00e9e (d\u00e9j\u00e0 pr\u00e9vue) de Diego Le\u00f3n, prometteur d\u00e9fenseur paraguayen. En esp\u00e9rant que les futurs d\u00e9parts de joueurs d\u00e9bloquent la situation.<\/p>\n\n\n\n<p>En attendant le premier match de pr\u00e9paration contre Leeds le 19 juillet prochain, nous ouvrons les matchs d&rsquo;octobre avec Sunderland et Brighton !<\/p>\n","protected":false},"excerpt":{"rendered":"<p>Tweet En raison des changements tarifaires du club pour la saison 2025\/2026, nous avons d\u00fb adapter le prix auquel nous vous proposons les places \u00e0 Old Trafford.\u00a0En savoir plus ET OUI, C&rsquo;EST LA REPRISE ! Les joueurs profitent de leurs derniers jours de vacances avant le retour \u00e0 l&rsquo;entra\u00eenement pr\u00e9vu cette semaine. R\u00f9ben Amorim et [&hellip;]<\/p>\n","protected":false},"author":6,"featured_media":3164,"comment_status":"open","ping_status":"open","sticky":false,"template":"","format":"standard","meta":[],"categories":[10,3],"tags":[],"_links":{"self":[{"href":"https:\/\/www.manutd-france.com\/v5\/wp-json\/wp\/v2\/posts\/3163"}],"collection":[{"href":"https:\/\/www.manutd-france.com\/v5\/wp-json\/wp\/v2\/posts"}],"about":[{"href":"https:\/\/www.manutd-france.com\/v5\/wp-json\/wp\/v2\/types\/post"}],"author":[{"embeddable":true,"href":"https:\/\/www.manutd-france.com\/v5\/wp-json\/wp\/v2\/users\/6"}],"replies":[{"embeddable":true,"href":"https:\/\/www.manutd-france.com\/v5\/wp-json\/wp\/v2\/comments?post=3163"}],"version-history":[{"count":1,"href":"https:\/\/www.manutd-france.com\/v5\/wp-json\/wp\/v2\/posts\/3163\/revisions"}],"predecessor-version":[{"id":3165,"href":"https:\/\/www.manutd-france.com\/v5\/wp-json\/wp\/v2\/posts\/3163\/revisions\/3165"}],"wp:featuredmedia":[{"embeddable":true,"href":"https:\/\/www.manutd-france.com\/v5\/wp-json\/wp\/v2\/media\/3164"}],"wp:attachment":[{"href":"https:\/\/www.manutd-france.com\/v5\/wp-json\/wp\/v2\/media?parent=3163"}],"wp:term":[{"taxonomy":"category","embeddable":true,"href":"https:\/\/www.manutd-france.com\/v5\/wp-json\/wp\/v2\/categories?post=3163"},{"taxonomy":"post_tag","embeddable":true,"href":"https:\/\/www.manutd-france.com\/v5\/wp-json\/wp\/v2\/tags?post=3163"}],"curies":[{"name":"wp","href":"https:\/\/api.w.org\/{rel}","templated":true}]}}