{"id":2490,"date":"2019-07-06T15:12:16","date_gmt":"2019-07-06T13:12:16","guid":{"rendered":"http:\/\/www.manutd-france.com\/v5\/?p=2490"},"modified":"2019-07-21T22:10:05","modified_gmt":"2019-07-21T20:10:05","slug":"billetterie-septembre-arsenal","status":"publish","type":"post","link":"https:\/\/www.manutd-france.com\/v5\/billetterie-septembre-arsenal\/","title":{"rendered":"Billetterie septembre (Arsenal)"},"content":{"rendered":"<div style=\"float: right; margin-left: 10px;\"><a href=\"https:\/\/twitter.com\/share\" class=\"twitter-share-button\" data-via=\"Muscfrance\" data-count=\"vertical\" data-url=\"https:\/\/www.manutd-france.com\/v5\/billetterie-septembre-arsenal\/\">Tweet<\/a><\/div>\n<p><strong>REPRISE DE L&rsquo;ENTRAINEMENT<\/strong><\/p>\n\n\n\n<p>C&rsquo;est lundi dernier que nos Red Devils ont repris le chemin de l&rsquo;entra\u00eenement. Tout le monde n&rsquo;est pas encore revenu mais notre premi\u00e8re recrue Daniel James a d\u00e9j\u00e0 pris ses quartiers \u00e0 Carrington.<\/p>\n\n\n\n<p>L&rsquo;\u00e9quipe et le staff s&rsquo;envoleront demain pour l&rsquo;Australie pour le Tour 2019. Premi\u00e8re \u00e9tape, un match contre Perth Glory, samedi prochain \u00e0 13h00 (heure fran\u00e7aise). On a h\u00e2te !<\/p>\n\n\n\n<p>Les horaires des matchs d&rsquo;ao\u00fbt et de septembre \u00e9tant confirm\u00e9es, on ouvre la r\u00e9servation pour Arsenal fin septembre. <\/p>\n\n\n\n<p><em>C&rsquo;est par ici que tout ce passe :  <a rel=\"noreferrer noopener\" aria-label=\" (s\u2019ouvre dans un nouvel onglet)\" href=\"http:\/\/billetterie\" target=\"_blank\">http:\/\/www.manutd-france.com\/billetterie<\/a><a href=\"http:\/\/www.manutd-france.com\/billetterie\/\" target=\"_blank\" rel=\"noreferrer noopener\" aria-label=\"\/  (s\u2019ouvre dans un nouvel onglet)\">\/ <\/a><\/em><\/p>\n","protected":false},"excerpt":{"rendered":"<p>Tweet REPRISE DE L&rsquo;ENTRAINEMENT C&rsquo;est lundi dernier que nos Red Devils ont repris le chemin de l&rsquo;entra\u00eenement. Tout le monde n&rsquo;est pas encore revenu mais notre premi\u00e8re recrue Daniel James a d\u00e9j\u00e0 pris ses quartiers \u00e0 Carrington. L&rsquo;\u00e9quipe et le staff s&rsquo;envoleront demain pour l&rsquo;Australie pour le Tour 2019. Premi\u00e8re \u00e9tape, un match contre Perth [&hellip;]<\/p>\n","protected":false},"author":6,"featured_media":2491,"comment_status":"open","ping_status":"open","sticky":false,"template":"","format":"standard","meta":[],"categories":[10,3],"tags":[79,194,195],"_links":{"self":[{"href":"https:\/\/www.manutd-france.com\/v5\/wp-json\/wp\/v2\/posts\/2490"}],"collection":[{"href":"https:\/\/www.manutd-france.com\/v5\/wp-json\/wp\/v2\/posts"}],"about":[{"href":"https:\/\/www.manutd-france.com\/v5\/wp-json\/wp\/v2\/types\/post"}],"author":[{"embeddable":true,"href":"https:\/\/www.manutd-france.com\/v5\/wp-json\/wp\/v2\/users\/6"}],"replies":[{"embeddable":true,"href":"https:\/\/www.manutd-france.com\/v5\/wp-json\/wp\/v2\/comments?post=2490"}],"version-history":[{"count":5,"href":"https:\/\/www.manutd-france.com\/v5\/wp-json\/wp\/v2\/posts\/2490\/revisions"}],"predecessor-version":[{"id":2521,"href":"https:\/\/www.manutd-france.com\/v5\/wp-json\/wp\/v2\/posts\/2490\/revisions\/2521"}],"wp:featuredmedia":[{"embeddable":true,"href":"https:\/\/www.manutd-france.com\/v5\/wp-json\/wp\/v2\/media\/2491"}],"wp:attachment":[{"href":"https:\/\/www.manutd-france.com\/v5\/wp-json\/wp\/v2\/media?parent=2490"}],"wp:term":[{"taxonomy":"category","embeddable":true,"href":"https:\/\/www.manutd-france.com\/v5\/wp-json\/wp\/v2\/categories?post=2490"},{"taxonomy":"post_tag","embeddable":true,"href":"https:\/\/www.manutd-france.com\/v5\/wp-json\/wp\/v2\/tags?post=2490"}],"curies":[{"name":"wp","href":"https:\/\/api.w.org\/{rel}","templated":true}]}}