{"id":1699,"date":"2011-12-09T16:55:39","date_gmt":"2011-12-09T14:55:39","guid":{"rendered":"http:\/\/www.manutd-france.com\/v5\/?p=1699"},"modified":"2011-12-09T16:55:39","modified_gmt":"2011-12-09T14:55:39","slug":"vidic-out-pour-la-saison","status":"publish","type":"post","link":"https:\/\/www.manutd-france.com\/v5\/vidic-out-pour-la-saison\/","title":{"rendered":"Vidic out pour la saison"},"content":{"rendered":"<div style=\"float: right; margin-left: 10px;\"><a href=\"https:\/\/twitter.com\/share\" class=\"twitter-share-button\" data-via=\"Muscfrance\" data-count=\"vertical\" data-url=\"https:\/\/www.manutd-france.com\/v5\/vidic-out-pour-la-saison\/\">Tweet<\/a><\/div>\n<p>e Manchester United FC sera priv\u00e9 de son capitaine Nemanja Vidi\u0107 jusqu&rsquo;\u00e0 la fin de la saison, \u00e0 cause d&rsquo;une rupture des ligaments crois\u00e9s du genou droit.<\/p>\n<p>L&rsquo;ancien international serbe (30 ans) s&rsquo;est bless\u00e9 mercredi soir sur le terrain du FC Basel, au cours de la d\u00e9faite 2-1 des Red Devils qui mettait un terme \u00e0 leur parcours en UEFA Champions League cette saison. Leur entra\u00eeneur Sir Alex Ferguson a confirm\u00e9 que Vidi\u0107, revenu en octobre apr\u00e8s deux mois d&rsquo;absence (mollet), risquait une longue indisponibilit\u00e9.<\/p>\n<p>\u00ab\u00a0Nous savions que c&rsquo;\u00e9tait grave\u00a0\u00bb, a d\u00e9clar\u00e9 Ferguson. \u00ab\u00a0Sa saison est termin\u00e9e. Ce n&rsquo;est pas une surprise, mais \u00e7a reste une mauvaise nouvelle. Il verra un sp\u00e9cialiste lundi pour pr\u00e9parer sa r\u00e9\u00e9ducation apr\u00e8s son op\u00e9ration. Ce n&rsquo;est pas pour tout de suite, car on doit laisser d\u00e9senfler son genou.\u00a0\u00bb<\/p>\n<p>United affiche d\u00e9j\u00e0 une infirmerie bien garnie, puisque les d\u00e9fenseurs Rafael et Fabio, les milieux de terrain Anderson et Tom Cleverley, ainsi que les attaquants Javier Hern\u00e1ndez, Dimitar Berbatov et Michael Owen sont sur le flanc. En qu\u00eate d&rsquo;un 20e sacre en Premier League, Manchester United compte cinq points de retard sur ses voisins du Manchester City FC. Les deux clubs mancun\u00e9ens participeront aux 16es de finale de l&rsquo;UEFA Europa League les 16 et 23 f\u00e9vrier. Le tirage au sort de cette comp\u00e9tition aura lieu vendredi prochain.<\/p>\n","protected":false},"excerpt":{"rendered":"<p>Des blessures \u00e0 la pelle !<\/p>\n","protected":false},"author":6,"featured_media":0,"comment_status":"open","ping_status":"open","sticky":false,"template":"","format":"standard","meta":[],"categories":[6],"tags":[12,191],"_links":{"self":[{"href":"https:\/\/www.manutd-france.com\/v5\/wp-json\/wp\/v2\/posts\/1699"}],"collection":[{"href":"https:\/\/www.manutd-france.com\/v5\/wp-json\/wp\/v2\/posts"}],"about":[{"href":"https:\/\/www.manutd-france.com\/v5\/wp-json\/wp\/v2\/types\/post"}],"author":[{"embeddable":true,"href":"https:\/\/www.manutd-france.com\/v5\/wp-json\/wp\/v2\/users\/6"}],"replies":[{"embeddable":true,"href":"https:\/\/www.manutd-france.com\/v5\/wp-json\/wp\/v2\/comments?post=1699"}],"version-history":[{"count":3,"href":"https:\/\/www.manutd-france.com\/v5\/wp-json\/wp\/v2\/posts\/1699\/revisions"}],"predecessor-version":[{"id":1703,"href":"https:\/\/www.manutd-france.com\/v5\/wp-json\/wp\/v2\/posts\/1699\/revisions\/1703"}],"wp:attachment":[{"href":"https:\/\/www.manutd-france.com\/v5\/wp-json\/wp\/v2\/media?parent=1699"}],"wp:term":[{"taxonomy":"category","embeddable":true,"href":"https:\/\/www.manutd-france.com\/v5\/wp-json\/wp\/v2\/categories?post=1699"},{"taxonomy":"post_tag","embeddable":true,"href":"https:\/\/www.manutd-france.com\/v5\/wp-json\/wp\/v2\/tags?post=1699"}],"curies":[{"name":"wp","href":"https:\/\/api.w.org\/{rel}","templated":true}]}}