{"id":1591,"date":"2011-10-09T15:42:50","date_gmt":"2011-10-09T13:42:50","guid":{"rendered":"http:\/\/www.manutd-france.com\/v5\/?p=1591"},"modified":"2011-10-10T18:02:18","modified_gmt":"2011-10-10T16:02:18","slug":"on-the-road-to-lisboa","status":"publish","type":"post","link":"https:\/\/www.manutd-france.com\/v5\/on-the-road-to-lisboa\/","title":{"rendered":"On the road to Lisboa"},"content":{"rendered":"<div style=\"float: right; margin-left: 10px;\"><a href=\"https:\/\/twitter.com\/share\" class=\"twitter-share-button\" data-via=\"Muscfrance\" data-count=\"vertical\" data-url=\"https:\/\/www.manutd-france.com\/v5\/on-the-road-to-lisboa\/\">Tweet<\/a><\/div>\n<p>Voila comme \u00e0 chaque d\u00e9but d&rsquo;ann\u00e9e et de tirage au sort de poules de CL, nous sommes quelques un \u00e0 attendre cela avec impatience pour voir o\u00f9 nous irons cette ann\u00e9e pour supporter United !<\/p>\n<p>Et c&rsquo;est tomb\u00e9, cela sera \u00e0 Lisbonne le 14 septembre, \u00e0 nous le soleil, la super bock, le porto ou encore le \u00a0\u00bb bacalhau\u00a0\u00bb !<\/p>\n<p>Nous serons 3 \u00e0 faire ce d\u00e9placement avec Tony de Tarbes, Matthieu de Reims et moi m\u00eame de Nancy, avec pour les 2 derniers, d\u00e9part de Paris-Beauvais direction Porto le mardi soir, et Tony de Toulouse direction Lisbonne!<\/p>\n<p>Apr\u00e8s toutes les formalit\u00e9es, nous voil\u00e0 arriv\u00e9 \u00e0 Porto pour dans les coins de 00h30, pile poil pour prendre le dernier tram et nous emmener en ville afin d&rsquo;attendre notre train pour Lisbonne qui partira \u00e0 5h!<\/p>\n<p><a href=\"http:\/\/www.manutd-france.com\/v5\/wp-content\/uploads\/2011\/10\/Produits-locaux.jpg\"><img decoding=\"async\" loading=\"lazy\" class=\"alignleft size-medium wp-image-1618\" title=\"Produits locaux\" src=\"http:\/\/www.manutd-france.com\/v5\/wp-content\/uploads\/2011\/10\/Produits-locaux-225x300.jpg\" alt=\"\" width=\"225\" height=\"300\" \/><\/a><\/p>\n<p>&nbsp;<\/p>\n<p>&nbsp;<\/p>\n<p style=\"text-align: left;\">Quoi de mieux pour tuer le temps que d&rsquo;aller en terrasse sur le port, d\u00e9guster les 1ers produits locaux.<\/p>\n<p style=\"text-align: left;\">\n<p style=\"text-align: left;\">\n<p style=\"text-align: left;\">Apr\u00e8s quelques d\u00e9gustations savoureuses, il est 3h45 et temps de se diriger vers la gare, afin de prendre notre train o\u00f9 nous pourrons enfin attaquer notre nuit ( de 3h!) avant d&rsquo;arriver dans la capitale Portugaise.<\/p>\n<p>&nbsp;<br \/>\nNous voila arriv\u00e9 \u00e0 Lisbonne dans les coins de 8h30 o\u00f9 il fait d\u00e9j\u00e0 une de ces chaleurs avec un soleil per\u00e7ant, tout cela s&rsquo;annonce bien bon, le temps de trouver notre chemin \u00e0 travers les diff\u00e9rents plans du m\u00e9tro pour nous rendre au point de collecte de United, chercher le ticket du match, il est 10h30 le billet dans la poche, en attendant le 3\u00e8me larron, on se pose sur un petite fontaine en plein soleil.<\/p>\n<p><a href=\"http:\/\/www.manutd-france.com\/v5\/wp-content\/uploads\/2011\/10\/CIMG09351.jpg\"><img decoding=\"async\" loading=\"lazy\" class=\"alignleft size-full wp-image-1605\" title=\"Fontaine\" src=\"http:\/\/www.manutd-france.com\/v5\/wp-content\/uploads\/2011\/10\/CIMG09351.jpg\" alt=\"\" width=\"300\" height=\"225\" \/><\/a><a href=\"http:\/\/www.manutd-france.com\/v5\/wp-content\/uploads\/2011\/10\/CIMG0938.jpg\"><img decoding=\"async\" loading=\"lazy\" class=\"alignright size-full wp-image-1607\" title=\"Terrasse\" src=\"http:\/\/www.manutd-france.com\/v5\/wp-content\/uploads\/2011\/10\/CIMG0938.jpg\" alt=\"\" width=\"300\" height=\"225\" \/><\/a><\/p>\n<p>&nbsp;<\/p>\n<p>&nbsp;<\/p>\n<p>&nbsp;<\/p>\n<p>&nbsp;<\/p>\n<p>&nbsp;<\/p>\n<p>&nbsp;<\/p>\n<p>&nbsp;<\/p>\n<p>Voila Tony qui arrive, on l&rsquo;accompagne chercher son ticket et hop on peut enfin se poser en terrasse histoire de d\u00e9salt\u00e9rer et de discuter du bon vieux temps, des projets, comme le polo MUSC France qui est enfin arriv\u00e9 et ou on peut le commander par ici :<a title=\"Polo Musc France\" href=\"http:\/\/www.manutd-france.com\/v5\/inside-musc-france\/la-boutique\/\" target=\"_blank\">http:\/\/www.manutd-france.com\/v5\/inside-musc-france\/la-boutique\/<\/a><\/p>\n<p>Il est maintenant 14h, et apr\u00e8s avoir bien mang\u00e9, pos\u00e9 nos affaire dans l&rsquo;auberge, direction le centre afin de trouver les fans de United venus faire le d\u00e9placement, pour se chauffer la voix et se mettre dans l&rsquo;ambiance pour le match qui aura lieu \u00e0 19h45 (1h de d\u00e9calage au Portugal).<\/p>\n<p><a href=\"http:\/\/www.manutd-france.com\/v5\/wp-content\/uploads\/2011\/10\/United-wall.jpg\"><img decoding=\"async\" loading=\"lazy\" class=\"alignleft size-medium wp-image-1611\" title=\"United wall\" src=\"http:\/\/www.manutd-france.com\/v5\/wp-content\/uploads\/2011\/10\/United-wall-300x225.jpg\" alt=\"\" width=\"300\" height=\"225\" \/><\/a><\/p>\n<p>Quelques chants viennent ici et l\u00e0, nous sommes l\u00e0 pour faire rappeler que le King est toujours pr\u00e9sent dans toutes les m\u00e9moires avec le fameux Drink a \u00ab\u00a0Drink for Eric the King\u00a0\u00bb<\/p>\n<p>&nbsp;<\/p>\n<p>La pr\u00e9sence de MUSC France ne passe pas inaper\u00e7ue avec ces beaux polos et de nombreux chants entonn\u00e9s .<\/p>\n<p>&nbsp;<\/p>\n<p>Il est maintenant l&rsquo;heure de prendre le m\u00e9tro et d&rsquo;aller en direction du Etasdio da Luz. Comme \u00e0 chaque d\u00e9placement, une grosse ambiance qui est mise dans le m\u00e9tro par nos soins aux yeux \u00e9bahis de tous les supporters Lisbo\u00e8tes assez calmes, et attendant l&rsquo;arriv\u00e9e au stade.<\/p>\n<p><a href=\"http:\/\/www.manutd-france.com\/v5\/wp-content\/uploads\/2011\/10\/D\u00e9but-du-match.jpg\"><img decoding=\"async\" loading=\"lazy\" class=\"alignright size-medium wp-image-1613\" title=\"D\u00e9but du match\" src=\"http:\/\/www.manutd-france.com\/v5\/wp-content\/uploads\/2011\/10\/D\u00e9but-du-match-300x225.jpg\" alt=\"\" width=\"300\" height=\"225\" \/><\/a><\/p>\n<p><a href=\"http:\/\/www.manutd-france.com\/v5\/wp-content\/uploads\/2011\/10\/CIMG0948.jpg\"><img decoding=\"async\" loading=\"lazy\" class=\"alignleft size-medium wp-image-1612\" title=\"Estadio da Luz\" src=\"http:\/\/www.manutd-france.com\/v5\/wp-content\/uploads\/2011\/10\/CIMG0948-300x225.jpg\" alt=\"\" width=\"300\" height=\"225\" \/><\/a><\/p>\n<p>&nbsp;<\/p>\n<p>&nbsp;<\/p>\n<p>&nbsp;<\/p>\n<p>&nbsp;<\/p>\n<p>&nbsp;<\/p>\n<p>&nbsp;<\/p>\n<p>Le stade est bien remplis, et il commence \u00e0\u00a0 y avoir une bonne ambiance dans l&rsquo;away end.\u00a0 Apr\u00e8s, pour l&rsquo;\u00e9volution du match et autres, vous savez tous ce que cela a donn\u00e9 avec un superbe but de Giggs, et une \u00e9norme ambiance en a suivi avant la mi temps. Pendant les 5 minutes restantes o\u00f9 les 3 000 manuciens ont entonn\u00e9s en coeur le fameux \u00ab\u00a0Ryan Giggs running down the wing\u00a0\u00bb.<\/p>\n<p><a href=\"http:\/\/www.manutd-france.com\/v5\/wp-content\/uploads\/2011\/10\/Match.jpg\"><img decoding=\"async\" loading=\"lazy\" class=\"alignleft size-medium wp-image-1620\" title=\"Match\" src=\"http:\/\/www.manutd-france.com\/v5\/wp-content\/uploads\/2011\/10\/Match-300x225.jpg\" alt=\"\" width=\"300\" height=\"225\" \/><\/a><a href=\"http:\/\/www.manutd-france.com\/v5\/wp-content\/uploads\/2011\/10\/CIMG0955.jpg\"><img decoding=\"async\" loading=\"lazy\" class=\"alignright size-medium wp-image-1621\" title=\"Match\" src=\"http:\/\/www.manutd-france.com\/v5\/wp-content\/uploads\/2011\/10\/CIMG0955-300x225.jpg\" alt=\"\" width=\"300\" height=\"225\" \/><\/a><\/p>\n<p>&nbsp;<\/p>\n<p>&nbsp;<\/p>\n<p>&nbsp;<\/p>\n<p>&nbsp;<\/p>\n<p>&nbsp;<\/p>\n<p>&nbsp;<\/p>\n<p>La fin de soir\u00e9e se fait tout doucement avec un retour en ville et une ballade nocturne direction le port de Lisbonne, et des terrasses o\u00f9 les Anglais sont en train de faire l&rsquo;apr\u00e8s match.<\/p>\n<p>Jeudi matin, direction la gare vers 10h pour retourner sur Porto afin de prendre l&rsquo;avion qui partira en fin de journ\u00e9e, nous passerons une agr\u00e9able aprem sur les rives du \u00ab\u00a0Rio Douro\u00a0\u00bb<\/p>\n<p><a href=\"http:\/\/www.manutd-france.com\/v5\/wp-content\/uploads\/2011\/10\/CIMG0968.jpg\"><img decoding=\"async\" loading=\"lazy\" class=\"alignleft size-full wp-image-1623\" title=\"Rio Douro\" src=\"http:\/\/www.manutd-france.com\/v5\/wp-content\/uploads\/2011\/10\/CIMG0968.jpg\" alt=\"\" width=\"300\" height=\"225\" \/><\/a><a href=\"http:\/\/www.manutd-france.com\/v5\/wp-content\/uploads\/2011\/10\/CIMG0969.jpg\"><img decoding=\"async\" loading=\"lazy\" class=\"alignright size-medium wp-image-1624\" title=\"Rio Douro\" src=\"http:\/\/www.manutd-france.com\/v5\/wp-content\/uploads\/2011\/10\/CIMG0969-300x225.jpg\" alt=\"\" width=\"300\" height=\"225\" \/><\/a><\/p>\n","protected":false},"excerpt":{"rendered":"<p>Lisbonne away 2011<\/p>\n","protected":false},"author":6,"featured_media":0,"comment_status":"open","ping_status":"open","sticky":false,"template":"","format":"standard","meta":[],"categories":[5,3],"tags":[183,14,166],"_links":{"self":[{"href":"https:\/\/www.manutd-france.com\/v5\/wp-json\/wp\/v2\/posts\/1591"}],"collection":[{"href":"https:\/\/www.manutd-france.com\/v5\/wp-json\/wp\/v2\/posts"}],"about":[{"href":"https:\/\/www.manutd-france.com\/v5\/wp-json\/wp\/v2\/types\/post"}],"author":[{"embeddable":true,"href":"https:\/\/www.manutd-france.com\/v5\/wp-json\/wp\/v2\/users\/6"}],"replies":[{"embeddable":true,"href":"https:\/\/www.manutd-france.com\/v5\/wp-json\/wp\/v2\/comments?post=1591"}],"version-history":[{"count":28,"href":"https:\/\/www.manutd-france.com\/v5\/wp-json\/wp\/v2\/posts\/1591\/revisions"}],"predecessor-version":[{"id":1629,"href":"https:\/\/www.manutd-france.com\/v5\/wp-json\/wp\/v2\/posts\/1591\/revisions\/1629"}],"wp:attachment":[{"href":"https:\/\/www.manutd-france.com\/v5\/wp-json\/wp\/v2\/media?parent=1591"}],"wp:term":[{"taxonomy":"category","embeddable":true,"href":"https:\/\/www.manutd-france.com\/v5\/wp-json\/wp\/v2\/categories?post=1591"},{"taxonomy":"post_tag","embeddable":true,"href":"https:\/\/www.manutd-france.com\/v5\/wp-json\/wp\/v2\/tags?post=1591"}],"curies":[{"name":"wp","href":"https:\/\/api.w.org\/{rel}","templated":true}]}}