{"id":1421,"date":"2011-05-30T17:23:01","date_gmt":"2011-05-30T15:23:01","guid":{"rendered":"http:\/\/www.manutd-france.com\/v5\/?p=1421"},"modified":"2011-05-30T17:23:01","modified_gmt":"2011-05-30T15:23:01","slug":"man-utd-parade","status":"publish","type":"post","link":"https:\/\/www.manutd-france.com\/v5\/man-utd-parade\/","title":{"rendered":"Man Utd parade"},"content":{"rendered":"<div style=\"float: right; margin-left: 10px;\"><a href=\"https:\/\/twitter.com\/share\" class=\"twitter-share-button\" data-via=\"Muscfrance\" data-count=\"vertical\" data-url=\"https:\/\/www.manutd-france.com\/v5\/man-utd-parade\/\">Tweet<\/a><\/div>\n<p>Des dizaines de milliers de supporteurs ont salu\u00e9 l&rsquo;\u00e9quipe de Manchester United lors de sa parade, lundi 30 mai sous la pluie, dans les rues de la ville \u00e0 bord d&rsquo;un bus \u00e0 imp\u00e9rial, deux jours apr\u00e8s sa d\u00e9faite (3-1) devant Barcelone en Ligue des Champions.<\/p>\n<p>Malgr\u00e9 les intemp\u00e9ries, les fans f\u00eataient surtout le 19\u00e9me titre de Premier League des Red Devils remport\u00e9 avec une relative facilit\u00e9, le quatri\u00e8me en cinq ans.  Les joueurs juch\u00e9s sur leur bus \u00e0 toit ouvert \u00e9taient parti \u00e0 11h00 locale (10h00 GMT) de la Cath\u00e9drale de Manchester pour se rendre \u00e0 Stretford Mall en passant par Old Trafford, soit environ 7 km de trajet parcouru en pr\u00e8s de 2h30.<\/p>\n<p>L&rsquo;effectif des Reds \u00e9tait au complet, group\u00e9 autour de leur manager Alex Ferguson, et en pr\u00e9sence de leur buteur Dimitar Berbatov, absent de la finale de Ligue des Champions samedi \u00e0 Wembley.<\/p>\n<p>Apr\u00e8s avoir pens\u00e9 \u00e0 un tripl\u00e9 comme en 1999 en avril, il ne reste que ce 19\u00e8me titre, ce qui est d\u00e9j\u00e0 magnifique mais on nourrit des regrets d&rsquo;avoir perdu deux fois cette saison \u00e0 Wembley. Regrets de s&rsquo;\u00eatre fait sortir par City en FA Cup et regret de ne pas avoir su tirer les le\u00e7ons de notre premi\u00e8re d\u00e9faite contre Barcelone.<\/p>\n<p>&nbsp;<\/p>\n","protected":false},"excerpt":{"rendered":"<p>Malgr\u00e9 la d\u00e9ception de Wembley<\/p>\n","protected":false},"author":6,"featured_media":0,"comment_status":"open","ping_status":"open","sticky":false,"template":"","format":"standard","meta":[],"categories":[6],"tags":[14,12,20],"_links":{"self":[{"href":"https:\/\/www.manutd-france.com\/v5\/wp-json\/wp\/v2\/posts\/1421"}],"collection":[{"href":"https:\/\/www.manutd-france.com\/v5\/wp-json\/wp\/v2\/posts"}],"about":[{"href":"https:\/\/www.manutd-france.com\/v5\/wp-json\/wp\/v2\/types\/post"}],"author":[{"embeddable":true,"href":"https:\/\/www.manutd-france.com\/v5\/wp-json\/wp\/v2\/users\/6"}],"replies":[{"embeddable":true,"href":"https:\/\/www.manutd-france.com\/v5\/wp-json\/wp\/v2\/comments?post=1421"}],"version-history":[{"count":3,"href":"https:\/\/www.manutd-france.com\/v5\/wp-json\/wp\/v2\/posts\/1421\/revisions"}],"predecessor-version":[{"id":1426,"href":"https:\/\/www.manutd-france.com\/v5\/wp-json\/wp\/v2\/posts\/1421\/revisions\/1426"}],"wp:attachment":[{"href":"https:\/\/www.manutd-france.com\/v5\/wp-json\/wp\/v2\/media?parent=1421"}],"wp:term":[{"taxonomy":"category","embeddable":true,"href":"https:\/\/www.manutd-france.com\/v5\/wp-json\/wp\/v2\/categories?post=1421"},{"taxonomy":"post_tag","embeddable":true,"href":"https:\/\/www.manutd-france.com\/v5\/wp-json\/wp\/v2\/tags?post=1421"}],"curies":[{"name":"wp","href":"https:\/\/api.w.org\/{rel}","templated":true}]}}