{"id":1416,"date":"2011-05-24T17:55:24","date_gmt":"2011-05-24T15:55:24","guid":{"rendered":"http:\/\/www.manutd-france.com\/v5\/?p=1416"},"modified":"2011-05-24T17:55:24","modified_gmt":"2011-05-24T15:55:24","slug":"jubile-neville","status":"publish","type":"post","link":"https:\/\/www.manutd-france.com\/v5\/jubile-neville\/","title":{"rendered":"Jubil\u00e9 Neville"},"content":{"rendered":"<div style=\"float: right; margin-left: 10px;\"><a href=\"https:\/\/twitter.com\/share\" class=\"twitter-share-button\" data-via=\"Muscfrance\" data-count=\"vertical\" data-url=\"https:\/\/www.manutd-france.com\/v5\/jubile-neville\/\">Tweet<\/a><\/div>\n<p><a href=\"http:\/\/www.manutd-france.com\/v5\/wp-content\/uploads\/2011\/02\/nevilleg1999.jpg\"><img decoding=\"async\" loading=\"lazy\" class=\"alignleft size-medium wp-image-1092\" title=\"nevilleg1999\" src=\"http:\/\/www.manutd-france.com\/v5\/wp-content\/uploads\/2011\/02\/nevilleg1999-300x244.jpg\" alt=\"\" width=\"300\" height=\"244\" \/><\/a>C&rsquo;est une l\u00e9gende du club qui organise ce soir son jubil\u00e9 en invitant ses potes des ann\u00e9es 1992 : Butt, Beckham et son frangin, Phil ainsi que Giggs et Scholes.<\/p>\n<p>Il est un des rares joueurs \u00e0 avoir mene\u00e9 toute sa carri\u00e8re au sein du m\u00eame clubavec au compteur\u00a0 plus de 600 matches jou\u00e9s avec les Red Devils, en remportant une Ligue des champions et huit titres de champion d&rsquo;Angleterre \u00e0 la cl\u00e9. A\u00a0 36 ans, le lat\u00e9ral droit \u00e9tait handicap\u00e9 par des blessures depuis plusieurs saisons.<\/p>\n<p><em>\u00ab\u00a0J&rsquo;ai \u00e9t\u00e9 un fan de Manchester United toute ma vie et j&rsquo;y ai accompli tous mes r\u00eaves. Evidemment, je suis d\u00e9\u00e7u de mettre fin \u00e0 ma carri\u00e8re de joueur, mais le moment \u00e9tait venu\u00a0\u00bb<\/em>, a confi\u00e9 le lat\u00e9ral droit qui a disput\u00e9 l&rsquo;int\u00e9gralit\u00e9 de sa carri\u00e8re, d\u00e9but\u00e9e en 1992, sous les couleurs des Red Devils. Le natif de Bury, dont le fr\u00e8re cadet Phil, joue \u00e0 Everton, a \u00e9galement longtemps jou\u00e9 pour MU (de 1994 \u00e0 2005), aura disput\u00e9 au cours de sa carri\u00e8re 602 matches avec la formation d&rsquo;Alex Ferguson remportant de nombreux troph\u00e9es: une Ligue des champions (1999), huit championnats d&rsquo;Angleterre (1996, 1997, 1999, 2000, 2001, 2003, 2007 et 2009), trois Coupe d&rsquo;Angleterre (1996, 1999, 2004), deux Coupe de la Ligue (2006 et 2010), trois Community Shield (1196, 1997 et 2008), Une Coupe Intercontinentale (1999) et une Coupe du monde des clubs (2008).<\/p>\n<div class=\"photoArticle\"><!--div class=\"viagogo\"> <a href=\"http:\/\/www.viagogo.fr\/Exclusive-Tickets\/OM-Chelsea-Billets\/_F-322661?affiliateID=964&#038;PCID=AFFFRIAFF964SPRTF4C4D48187\" _mce_href=\"http:\/\/www.viagogo.fr\/Exclusive-Tickets\/OM-Chelsea-Billets\/_F-322661?affiliateID=964&amp;PCID=AFFFRIAFF964SPRTF4C4D48187\" mce_href=\"http:\/\/www.viagogo.fr\/Exclusive-Tickets\/OM-Chelsea-Billets\/_F-322661?affiliateID=964&amp;PCID=AFFFRIAFF964SPRTF4C4D48187\" target=\"_blank\"><span>Offre sp&eacute;ciale -44%<\/span> Billets Ligue des Champions OM vs Chelsea<\/a> <\/div--><\/div>\n<p><strong><em> <\/em><\/strong><br \/>\nCapitaine de MU de 2005 \u00e0 2010, Gary Neville a \u00e9t\u00e9 handicap\u00e9 lors des quatre derni\u00e8res saisons par des blessures \u00e0 r\u00e9p\u00e9tition. Apr\u00e8s une saison blanche en 2007\/2008, ann\u00e9e o\u00f9 son club a remport\u00e9 sa derni\u00e8re Ligue des champions, le d\u00e9sormais ex-international anglais, qui aura port\u00e9 \u00e0 85 reprises les couleurs de son pays, avait retrouv\u00e9 du temps de jeu lors des deux saisons suivantes. Mais depuis le d\u00e9but de l&rsquo;actuel exercice, il subit la concurrence du jeune br\u00e9silien Rafael et n&rsquo;a pris part qu&rsquo;\u00e0 trois matches. Sa derni\u00e8re apparition date du 1er janvier dernier face \u00e0 West Brom (victoire 2-1), \u00e0 l&rsquo;occasion de la 21e journ\u00e9e de Premier League.<\/p>\n<p>Pour David Beckham, son ami et ancien comp\u00e8re sur le c\u00f4t\u00e9 droit de MU, qui s&rsquo;est exprim\u00e9 sur sa page Facebook, <em>\u00ab\u00a0Non seulement Gary est un grand monsieur, mais c&rsquo;est l&rsquo;un des meilleurs d\u00e9fenseurs avec qui j&rsquo;ai jou\u00e9. C&rsquo;\u00e9tait un honneur de jouer avec lui \u00e0 United et en \u00e9quipe d&rsquo;Angleterre. Il m\u00e9rite tous nos louanges et notre reconnaissance\u00a0\u00bb<\/em>. Pour Rio Ferdinand qui a r\u00e9cup\u00e9r\u00e9 son brassard de capitaine \u00e0 MU, <em>\u00ab\u00a0Gary est le meilleur lat\u00e9ral droit de l&rsquo;histoire de la Premier League. C&rsquo;est une grande perte pour nous. Il est fid\u00e8le, dr\u00f4le, talentueux et d\u00e9vou\u00e9. C&rsquo;est une v\u00e9ritable l\u00e9gende d&rsquo;United. Il a tout donn\u00e9 pour le club avec qui il a remport\u00e9 \u00e9norm\u00e9ment de troph\u00e9es\u00a0\u00bb,<\/em> a-t-il poursuivi sur son compte Twitter. Une page se tourne du c\u00f4t\u00e9 de Manchester United qui sera probablement suivi de celle de Paul Scholes.<\/p>\n<p>Restera l&rsquo;\u00e9ternel Ryan<\/p>\n<p>Source : Sport.fr<\/p>\n<p>Retour sur sa bibliographie<\/p>\n<p><strong><span style=\"font-family: Arial,Helvetica,sans-serif; color: #000000; font-size: x-small;\"><span style=\"font-family: Verdana,Arial,Helvetica,sans-serif;\">Fiche                 et biographie de <\/span><\/span><\/strong><\/p>\n<p><span style=\"font-family: Verdana,Arial,Helvetica,sans-serif; color: #000000; font-size: x-small;\"><strong>Gary NEVILLE<\/strong><\/span><\/p>\n<table border=\"0\" width=\"100%\">\n<tbody>\n<tr>\n<td bgcolor=\"#cccccc\"><span style=\"font-family: Arial,Helvetica,sans-serif; color: #000000; font-size: x-small;\"><strong><span style=\"font-family: Verdana,Arial,Helvetica,sans-serif;\">Carte                         d&rsquo;identit\u00e9 de<\/span><span style=\"font-family: Verdana,Arial,Helvetica,sans-serif; color: #000000; font-size: x-small;\"><strong> Gary                         NEVILLE<\/strong><\/span><\/strong><\/span><\/td>\n<\/tr>\n<\/tbody>\n<\/table>\n<table border=\"0\" width=\"100%\">\n<tbody>\n<tr>\n<td width=\"28%\"><span style=\"font-family: Arial,Helvetica,sans-serif; color: #000000; font-size: x-small;\"><a href=\"http:\/\/www.manutd-france.com\/v5\/wp-content\/uploads\/2011\/02\/Gary-Neville.jpg\"><img decoding=\"async\" loading=\"lazy\" class=\"alignleft size-medium wp-image-1093\" title=\"Gary-Neville\" src=\"http:\/\/www.manutd-france.com\/v5\/wp-content\/uploads\/2011\/02\/Gary-Neville-231x300.jpg\" alt=\"\" width=\"231\" height=\"300\" \/><\/a><\/span><\/td>\n<td width=\"72%\"><span style=\"font-family: Arial,Helvetica,sans-serif; color: #000000; font-size: x-small;\">Poste:                     Arri\u00e8re<br \/>\nN\u00e9:18\/02\/1977<br \/>\nNationalit\u00e9: Bury (GB)<br \/>\nTaille: 1.80 m<br \/>\nPoids: 80kg<\/span><\/td>\n<\/tr>\n<\/tbody>\n<\/table>\n<table border=\"0\" width=\"100%\">\n<tbody>\n<tr>\n<td bgcolor=\"#cccccc\"><span style=\"font-family: Arial,Helvetica,sans-serif; color: #000000; font-size: x-small;\"><strong><span style=\"font-family: Verdana,Arial,Helvetica,sans-serif;\">Sa                         biographie<\/span><\/strong><\/span><\/td>\n<\/tr>\n<\/tbody>\n<\/table>\n<p><span style=\"font-family: Arial,Helvetica,sans-serif; color: #000000; font-size: x-small;\">Apr\u00e8s avoir fait ses d\u00e9buts \u00e0 Bury, Gary rejoint United en juillet 1991 et signe son premier contrat professionnel en janvier 1993.<\/span><\/p>\n<p>Il est de l&rsquo;\u00e9quipe de jeunes des ann\u00e9es 90 qui va fournir \u00e0 l&rsquo;\u00e9quipe premi\u00e8re ses meilleurs joueurs pour les quinze ans \u00e0 venir. Il d\u00e9bute avec l&rsquo;\u00e9quipe Une en UEFA en septembre 92 contre le Torp\u00e9do de Moscou.<\/p>\n<p><span style=\"font-family: Arial,Helvetica,sans-serif; color: #000000; font-size: x-small;\">Il devient titulaire r\u00e9guli\u00e8rement l&rsquo;ann\u00e9e suivante rempla\u00e7ant Paul Parker \u00e0 l&rsquo;arri\u00e8re. Il perd la finale de la FA Cup de 95 et rate le titre d&rsquo;un point mais Gary aura l&rsquo;ocasion de se rattraper.<\/span><\/p>\n<p><span style=\"font-family: Arial,Helvetica,sans-serif; color: #000000; font-size: x-small;\">D\u00e8s la saison 95\/96, il gagne son premier titre de champion et rentre en jeu pour la finale gagn\u00e9e de FA Cup contre Liverpool. Il fait \u00e9galement l&rsquo;Euro 96 mais il est suspendu pour la demie-finale. Nouveau titre en 97. Coupe du monde en 1998 sous les ordres de Glenn Hoddle.<\/span><\/p>\n<p><span style=\"font-family: Arial,Helvetica,sans-serif; color: #000000; font-size: x-small;\"><a href=\"http:\/\/www.manutd-france.com\/v5\/wp-content\/uploads\/2011\/02\/gneville.jpg\"><img decoding=\"async\" loading=\"lazy\" class=\"alignleft size-medium wp-image-1091\" title=\"gneville\" src=\"http:\/\/www.manutd-france.com\/v5\/wp-content\/uploads\/2011\/02\/gneville-300x198.jpg\" alt=\"\" width=\"300\" height=\"198\" \/><\/a>La saison 98\/99 est une ann\u00e9e pleine avec 54 matchs et \u00e0 l&rsquo;arriv\u00e9e le tripl\u00e9 et un but contre Everton.<\/span><\/p>\n<p><span style=\"font-family: Arial,Helvetica,sans-serif; color: #000000; font-size: x-small;\">Gary est rarement bless\u00e9 mais il commence la saison 1999\/2000 \u00e0 l&rsquo;infirmerie. Il franchit cependant les 250 titularisations et gagne son 4\u00e8me titre, puis son 5\u00e8me en 2001.<\/span><\/p>\n<p><span style=\"font-family: Arial,Helvetica,sans-serif; color: #000000; font-size: x-small;\">Le d\u00e9part de Stam le fait jouer dans l&rsquo;axe pour la saison 2000\/2001 mais sa place de pr\u00e9dilexion est celle d&rsquo;arri\u00e8re droit.<\/span><\/p>\n<p><span style=\"font-family: Arial,Helvetica,sans-serif; color: #000000; font-size: x-small;\">Son entente avec Beckham fait               merveille. Gary distille des centres lift\u00e9s millim\u00e9tr\u00e9s.<\/span><\/p>\n<p><span style=\"font-family: Arial,Helvetica,sans-serif; color: #000000; font-size: x-small;\">Le 18 mai 2001, Gary signe un nouveau contrat de six ans. qui le maintient \u00e0 United jusqu&rsquo;en juillet 2007. Un blessure \u00e0 la cheville lui fait rater la coupe du monde 2002.<\/span><\/p>\n<p><span style=\"font-family: Arial,Helvetica,sans-serif; color: #000000; font-size: x-small;\">La suite est un enchainement d&rsquo;autres titres : Championnat 2003 et FA Cup 2004, Carling Cup 2006. <\/span><\/p>\n<p><span style=\"font-family: Arial,Helvetica,sans-serif; color: #000000; font-size: x-small;\">Le 26 mars 2006, Gary rentre dans le cercle tr\u00e8s ferm\u00e9 des joueurs ayant port\u00e9 plus de 500 fois le maillot rouge. Son amour du maillot est \u00e9norme, ce qui lui a valu les remontrances de la FA lors du match contre Liverpool en janvier 2006 \u00e0 la suite du but de Rio.<\/span><\/p>\n<p class=\"style1\"><span style=\"font-family: Arial,Helvetica,sans-serif; color: #000000; font-size: x-small;\">Il est bless\u00e9 pour le d\u00e9but de la coupe du monde en Allemagne et joue le match de l&rsquo;\u00e9limnation. <\/span><\/p>\n<p><span style=\"font-family: Arial,Helvetica,sans-serif; color: #000000; font-size: x-small;\">Gary                   n&rsquo;a marqu\u00e9 que                 7 buts avec Man Utd mais son nombre de derni\u00e8res passes est incalculable.<\/span><\/p>\n<p><span style=\"font-family: Arial,Helvetica,sans-serif; color: #000000; font-size: x-small;\">Un joueur essentiel dans le dispositif de Ferguson.<\/span><\/p>\n<p><span style=\"font-family: Arial,Helvetica,sans-serif; color: #000000; font-size: x-small;\">\u00ab\u00a0Gary                 Neville is a Red, Is a Red, Is a Red, Gary Neville is a Red,                 He hates Scousers.\u00a0\u00bb<\/span> <span style=\"font-family: Arial,Helvetica,sans-serif; color: #000000; font-size: x-small;\">chante OT<\/span><\/p>\n<p><span style=\"font-family: Arial,Helvetica,sans-serif; color: #000000; font-size: x-small;\"> <\/span><\/p>\n<table border=\"0\" width=\"100%\">\n<tbody>\n<tr>\n<td bgcolor=\"#cccccc\"><span style=\"font-family: Arial,Helvetica,sans-serif; color: #000000; font-size: x-small;\"><strong><span style=\"font-family: Verdana,Arial,Helvetica,sans-serif;\">Sa                         carri\u00e8re<\/span><\/strong><\/span><\/td>\n<\/tr>\n<\/tbody>\n<\/table>\n<p><span style=\"font-family: Arial,Helvetica,sans-serif; color: #ffffff; font-size: x-small;\"><strong><span style=\"color: #000000;\">Club <\/span><\/strong><span style=\"color: #000000;\"> <\/span><\/span><\/p>\n<p>1995-2010 MUFC<\/p>\n<p><span style=\"font-family: Arial,Helvetica,sans-serif; color: #000000; font-size: x-small;\">Montant                 du transfert : form\u00e9 au club<\/span><\/p>\n<p><span style=\"font-family: Arial,Helvetica,sans-serif; color: #000000; font-size: x-small;\"> <strong>Palmar\u00e8s: <\/strong><\/span><\/p>\n<p><span style=\"font-family: Arial,Helvetica,sans-serif; color: #000000; font-size: x-small;\"> Champion                 d&rsquo;Angleterre en 1993, 1994, 1996, 1997, 1999, 2000, 2001, 2003, 2007 et 2009<br \/>\n<\/span><\/p>\n<p><span style=\"font-family: Arial,Helvetica,sans-serif; color: #000000; font-size: x-small;\">Vainqueur                 de trois FA Cup en 1996, 1999 et 2004. <\/span><\/p>\n<p><span style=\"font-family: Arial,Helvetica,sans-serif; color: #000000; font-size: x-small;\">Vainqueur                 de la Carling Cup 2006 et 2010<br \/>\n<\/span><\/p>\n<p><span style=\"font-family: Arial,Helvetica,sans-serif; color: #000000; font-size: x-small;\">Plus                 la coupe d&rsquo;Europe en 1999 et 2008.<\/span><\/p>\n<p><span style=\"font-family: Arial,Helvetica,sans-serif; color: #000000; font-size: x-small;\"><strong>Fin                   de carri\u00e8re : 03\/02\/2011<\/strong><\/span><\/p>\n","protected":false},"excerpt":{"rendered":"<p>Gary is a red, is a red.<\/p>\n","protected":false},"author":6,"featured_media":0,"comment_status":"open","ping_status":"open","sticky":false,"template":"","format":"standard","meta":[],"categories":[4],"tags":[176,12,139],"_links":{"self":[{"href":"https:\/\/www.manutd-france.com\/v5\/wp-json\/wp\/v2\/posts\/1416"}],"collection":[{"href":"https:\/\/www.manutd-france.com\/v5\/wp-json\/wp\/v2\/posts"}],"about":[{"href":"https:\/\/www.manutd-france.com\/v5\/wp-json\/wp\/v2\/types\/post"}],"author":[{"embeddable":true,"href":"https:\/\/www.manutd-france.com\/v5\/wp-json\/wp\/v2\/users\/6"}],"replies":[{"embeddable":true,"href":"https:\/\/www.manutd-france.com\/v5\/wp-json\/wp\/v2\/comments?post=1416"}],"version-history":[{"count":3,"href":"https:\/\/www.manutd-france.com\/v5\/wp-json\/wp\/v2\/posts\/1416\/revisions"}],"predecessor-version":[{"id":1420,"href":"https:\/\/www.manutd-france.com\/v5\/wp-json\/wp\/v2\/posts\/1416\/revisions\/1420"}],"wp:attachment":[{"href":"https:\/\/www.manutd-france.com\/v5\/wp-json\/wp\/v2\/media?parent=1416"}],"wp:term":[{"taxonomy":"category","embeddable":true,"href":"https:\/\/www.manutd-france.com\/v5\/wp-json\/wp\/v2\/categories?post=1416"},{"taxonomy":"post_tag","embeddable":true,"href":"https:\/\/www.manutd-france.com\/v5\/wp-json\/wp\/v2\/tags?post=1416"}],"curies":[{"name":"wp","href":"https:\/\/api.w.org\/{rel}","templated":true}]}}