{"id":1356,"date":"2011-05-05T09:47:39","date_gmt":"2011-05-05T07:47:39","guid":{"rendered":"http:\/\/www.manutd-france.com\/v5\/?p=1356"},"modified":"2011-05-05T09:47:39","modified_gmt":"2011-05-05T07:47:39","slug":"man-utd-a-wembley","status":"publish","type":"post","link":"https:\/\/www.manutd-france.com\/v5\/man-utd-a-wembley\/","title":{"rendered":"MAN UTD A WEMBLEY"},"content":{"rendered":"<div style=\"float: right; margin-left: 10px;\"><a href=\"https:\/\/twitter.com\/share\" class=\"twitter-share-button\" data-via=\"Muscfrance\" data-count=\"vertical\" data-url=\"https:\/\/www.manutd-france.com\/v5\/man-utd-a-wembley\/\">Tweet<\/a><\/div>\n<p>&nbsp;<\/p>\n<p class=\"MsoNormal\"><span lang=\"EN-GB\"><!--[if !supportEmptyParas]--><\/span>Man Utd tient sa revanche de la finale perdue \u00e0 Rome perdu 2 \u00e0 0 face \u00e0 Barcelone, priv\u00e9 ainsi d\u2019un doubl\u00e9 historique apr\u00e8s la victoire face \u00e0 Chelsea \u00e0 Moscou en 2007. Cette fois, c\u2019est Wembley le 28 mai prochain qui sera le th\u00e9\u00e2tre de leur affrontement.<\/p>\n<p class=\"MsoNormal\"><!--[if !supportEmptyParas]--> <!--[endif]-->Si pour Bar\u00e7a ce sera sa troisi\u00e8me final en six ans, pour Man Utd, c\u2019est sa troisi\u00e8me en 4 ans\u00a0: 2008, 2009 et 2011.<\/p>\n<p class=\"MsoNormal\"><!--[if !supportEmptyParas]--> <!--[endif]-->La demie-finale des mancuniens n\u2019a \u00e9t\u00e9 qu\u2019une formalit\u00e9 face \u00e0 une \u00e9quipe de Schalke un peu tendre \u00e0 ce niveau. Le match retour \u00e0 Old trafford a \u00e9t\u00e9 encore plus facile que le match aller gagn\u00e9 2 \u00e0 0. D\u2019ailleurs Sir Alex avait d\u00e9cide d\u2019aligner une \u00e9quipe bis avec sur le banc Vidic, Evra, Rooney et sur le terrain une paire centrale in\u00e9dite avec Evans et Smalling.<\/p>\n<p class=\"MsoNormal\"><!--[if !supportEmptyParas]--> <!--[endif]-->Aucun suspense donc avec des buts de Valencia d\u00e9cid\u00e9ment bien en jambe sur une belle transmission de Gibson qui marque le deuxi\u00e8me but. Anderson double la mise en seconde mi-temps par un doubl\u00e9.<\/p>\n<p class=\"MsoNormal\"><!--[if !supportEmptyParas]--> <!--[endif]-->Il y a deux ans, Ferguson avait tactiquement d\u00e9cid\u00e9 de jouer \u00e0 l\u2019habitude au ballon mais fut priv\u00e9 de celui-ci par un Bar\u00e7a peut-\u00eatre plus technique pour le conserver. Cette fois, Ferguson pourrait jouer plus \u00e0 l\u2019anglaise avec un football plus engag\u00e9.<\/p>\n<p class=\"MsoNormal\"><!--[if !supportEmptyParas]--> <!--[endif]-->Mais le plus important est le destin qui fait que cette premi\u00e8re finale dans le stade r\u00e9nov\u00e9 de Wembley ne pouvait pas avoir lieu sans Man Utd.<\/p>\n<p class=\"MsoNormal\"><!--[if !supportEmptyParas]--> <!--[endif]-->En 68 dix ans apr\u00e8s le crash de Munich, Man Utd gagnait sa premi\u00e8re coupe d\u2019europe. On croise les doigts pour que quarante trois ans plus tard, Man Utd gagne sa quatri\u00e8me coupe.<\/p>\n<p class=\"MsoNormal\">Pour les places, MUSC FRANCE n&rsquo;aura aucune place comme h\u00e9las tous les clubs de supporters. La r\u00e8gle pour la finale est diff\u00e9rente que pour les matchs de qualification. Les places sont attribu\u00e9es aux \u00ab\u00a0season ticket holders\u00a0\u00bb par tirage au sort.<\/p>\n<p class=\"MsoNormal\">&nbsp;<\/p>\n","protected":false},"excerpt":{"rendered":"<p>Quarante trois ans plus tard, &#8230;.<\/p>\n","protected":false},"author":6,"featured_media":0,"comment_status":"open","ping_status":"open","sticky":false,"template":"","format":"standard","meta":[],"categories":[7],"tags":[169,170,168,12,155],"_links":{"self":[{"href":"https:\/\/www.manutd-france.com\/v5\/wp-json\/wp\/v2\/posts\/1356"}],"collection":[{"href":"https:\/\/www.manutd-france.com\/v5\/wp-json\/wp\/v2\/posts"}],"about":[{"href":"https:\/\/www.manutd-france.com\/v5\/wp-json\/wp\/v2\/types\/post"}],"author":[{"embeddable":true,"href":"https:\/\/www.manutd-france.com\/v5\/wp-json\/wp\/v2\/users\/6"}],"replies":[{"embeddable":true,"href":"https:\/\/www.manutd-france.com\/v5\/wp-json\/wp\/v2\/comments?post=1356"}],"version-history":[{"count":2,"href":"https:\/\/www.manutd-france.com\/v5\/wp-json\/wp\/v2\/posts\/1356\/revisions"}],"predecessor-version":[{"id":1359,"href":"https:\/\/www.manutd-france.com\/v5\/wp-json\/wp\/v2\/posts\/1356\/revisions\/1359"}],"wp:attachment":[{"href":"https:\/\/www.manutd-france.com\/v5\/wp-json\/wp\/v2\/media?parent=1356"}],"wp:term":[{"taxonomy":"category","embeddable":true,"href":"https:\/\/www.manutd-france.com\/v5\/wp-json\/wp\/v2\/categories?post=1356"},{"taxonomy":"post_tag","embeddable":true,"href":"https:\/\/www.manutd-france.com\/v5\/wp-json\/wp\/v2\/tags?post=1356"}],"curies":[{"name":"wp","href":"https:\/\/api.w.org\/{rel}","templated":true}]}}