{"id":1317,"date":"2011-04-12T16:37:58","date_gmt":"2011-04-12T14:37:58","guid":{"rendered":"http:\/\/www.manutd-france.com\/v5\/?p=1317"},"modified":"2011-04-12T16:38:30","modified_gmt":"2011-04-12T14:38:30","slug":"manchester-et-ses-ailes-de-feu","status":"publish","type":"post","link":"https:\/\/www.manutd-france.com\/v5\/manchester-et-ses-ailes-de-feu\/","title":{"rendered":"Manchester et ses ailes de feu"},"content":{"rendered":"<div style=\"float: right; margin-left: 10px;\"><a href=\"https:\/\/twitter.com\/share\" class=\"twitter-share-button\" data-via=\"Muscfrance\" data-count=\"vertical\" data-url=\"https:\/\/www.manutd-france.com\/v5\/manchester-et-ses-ailes-de-feu\/\">Tweet<\/a><\/div>\n<p>Sir Alex Ferguson a ses deux ailiers en forme et p\u00eat pour ce soir Antonio Valencia et Nani.<\/p>\n<p>Ferguson, lors de sa conf\u00e9rence de presse annon\u00e7ait hier\u00a0:<\/p>\n<p>\u201cIl n\u2019y a aucun doute que Manchester United est \u00e0 son meilleur niveau lorsque nous voulons gagner les matchs\u201d.<\/p>\n<p>\u201cCe fut pareil lorsque l\u2019on a jou\u00e9 Marseille. Aucune diff\u00e9rence m\u00eame si on \u00e9tait \u00e0 0-0.<br \/>\nL\u2019ailier Equatorien, Valencia, \u00e0 fait un retour salu\u00e9 dans son \u00e9quipe apr\u00e8s sa fracture de la jambe.<\/p>\n<p>Nani, d\u00e9\u00e7u de ne pas \u00eatre \u00e9lu dans les meilleurs joueurs du royaume, est pr\u00eat et frais apr\u00e8s le tacle re\u00e7u \u00e0 Liverpool.<\/p>\n<p>\u201cNous savions qu\u2019Antonio serait aussi bon d\u00e8s son retour. Nous attendions de le revoir\u201d dit Ferguson.<\/p>\n<p>\u201cLorsqu\u2019il a repris l\u2019entrainement, je n\u2019ai pas pu m\u2019emp\u00eacher de le remettre dans le groupe\u201d.<\/p>\n<p>\u201cNous lui avons pr\u00e9par\u00e9 des petits matchs intensifs pour qu\u2019il retrouve le rythme et sa puissance.<\/p>\n<p>\u201cNani connait une superbe saison. Ils sont tout les deux incroyables et un bonheur \u00e0 avoir.<\/p>\n<p>\u201cValencia est un incroyable footballeur. Sa lecture du jeu est incroyable\u201d<br \/>\n\u201cIl a un cerveau tr\u00e8s r\u00e9actif tactiquement. Il \u00e0 de l\u2019\u00e9quilibre, de la puissance, de la vitesse. Ce gar\u00e7on \u00e0 tout.\u00a0\u00bb<\/p>\n","protected":false},"excerpt":{"rendered":"<p>Les ailiers sont la marque de United et ce soir nos ailiers seront d\u00e9terminants. <\/p>\n","protected":false},"author":15,"featured_media":0,"comment_status":"open","ping_status":"open","sticky":false,"template":"","format":"standard","meta":[],"categories":[6],"tags":[91,34,107,32,83,15],"_links":{"self":[{"href":"https:\/\/www.manutd-france.com\/v5\/wp-json\/wp\/v2\/posts\/1317"}],"collection":[{"href":"https:\/\/www.manutd-france.com\/v5\/wp-json\/wp\/v2\/posts"}],"about":[{"href":"https:\/\/www.manutd-france.com\/v5\/wp-json\/wp\/v2\/types\/post"}],"author":[{"embeddable":true,"href":"https:\/\/www.manutd-france.com\/v5\/wp-json\/wp\/v2\/users\/15"}],"replies":[{"embeddable":true,"href":"https:\/\/www.manutd-france.com\/v5\/wp-json\/wp\/v2\/comments?post=1317"}],"version-history":[{"count":2,"href":"https:\/\/www.manutd-france.com\/v5\/wp-json\/wp\/v2\/posts\/1317\/revisions"}],"predecessor-version":[{"id":1321,"href":"https:\/\/www.manutd-france.com\/v5\/wp-json\/wp\/v2\/posts\/1317\/revisions\/1321"}],"wp:attachment":[{"href":"https:\/\/www.manutd-france.com\/v5\/wp-json\/wp\/v2\/media?parent=1317"}],"wp:term":[{"taxonomy":"category","embeddable":true,"href":"https:\/\/www.manutd-france.com\/v5\/wp-json\/wp\/v2\/categories?post=1317"},{"taxonomy":"post_tag","embeddable":true,"href":"https:\/\/www.manutd-france.com\/v5\/wp-json\/wp\/v2\/tags?post=1317"}],"curies":[{"name":"wp","href":"https:\/\/api.w.org\/{rel}","templated":true}]}}