{"id":1244,"date":"2011-03-19T14:37:25","date_gmt":"2011-03-19T14:37:25","guid":{"rendered":"http:\/\/www.manutd-france.com\/v5\/?p=1244"},"modified":"2011-03-19T14:37:25","modified_gmt":"2011-03-19T14:37:25","slug":"les-blues-au-printemps","status":"publish","type":"post","link":"https:\/\/www.manutd-france.com\/v5\/les-blues-au-printemps\/","title":{"rendered":"Les blues au printemps"},"content":{"rendered":"<div style=\"float: right; margin-left: 10px;\"><a href=\"https:\/\/twitter.com\/share\" class=\"twitter-share-button\" data-via=\"Muscfrance\" data-count=\"vertical\" data-url=\"https:\/\/www.manutd-france.com\/v5\/les-blues-au-printemps\/\">Tweet<\/a><\/div>\n<p>Le tirage au sort r\u00e9alis\u00e9 \u00e0 Nyon au si\u00e8ge de l&rsquo;UEFA nous a r\u00e9serv\u00e9 un quart contre les blues puis en demie, la possibilit\u00e9 de retrouver Inter ou Schalke\u00a0 esp\u00e9rant terminer \u00e0 Wembley contre \u00e9ventuellement Barcelone.<\/p>\n<p>En attendant, il faudra aller \u00e0 Stamford Bridge le mercredi 6 avril avant de les recevoir le 12. Pour ce match \u00e0 OT, nous ne savons pas encore combien de places nous seront attribu\u00e9es (\u00e0 surveiller dans la rubrique billetterie). Match de gala, la priorit\u00e9 sera donn\u00e9e \u00e0 l&rsquo;anciennet\u00e9 dans l&rsquo;association.<\/p>\n<p>Les blues que nous retrouverons de nouveau d\u00e9but mai en Championnat.<\/p>\n<p>L&rsquo;affrontement entre les deux  formations de Premier League les plus titr\u00e9es de ces derni\u00e8res saisons  rem\u00e9morera sans aucun doute d&rsquo;excellents souvenirs \u00e0 Alex Ferguson. En  mai 2008, au Stade Louzhniki de Moscou, les <em>Red Devils<\/em> avaient pris le dessus sur les <em>Blues<\/em> lors de la s\u00e9ance de tirs au but, pour remporter la troisi\u00e8me \u00e9toile continentale de son histoire.<\/p>\n<p>Depuis, de l&rsquo;eau a coul\u00e9 sous les ponts, et il est d\u00e9licat, au jour  d&rsquo;aujourd&rsquo;hui, d&rsquo;\u00e9valuer le niveau des deux \u00e9quipes, qui donnent  l&rsquo;impression d&rsquo;\u00eatre entr\u00e9es dans une \u00e8re nouvelle. Cristiano Ronaldo,  qui avait trouv\u00e9 le chemin des filets lors de cette finale, a quitt\u00e9 les  rangs mancuniens, alors qu&rsquo;une vague de d\u00e9part est attendue au terme de  la saison chez les pensionnaires de Stamford Bridge, avec les questions  qui demeurent au sujet du futur de Didier Drogba, dor\u00e9navant \u00e0 la lutte   pour le poste d&rsquo;avant-centre titulaire avec Fernando Torres, qui a  rejoint la capitale au mois de janvier.<\/p>\n<p>Manchester United aura clairement un avantage psychologique sur son  adversaire. En plus de leur victoire en finale de la C1 en 2008, les  hommes de Sir Alex Ferguson peuvent se targuer d&rsquo;occuper le fauteuil de  leader du championnat d&rsquo;Angleterre, alors que les co\u00e9quipiers de John  Terry, \u00ab\u00a0seulement\u00a0\u00bb quatri\u00e8mes, au pied du podium, vont terminer la  saison en roue libre puisque le sacre en Premier League semble d\u00e9sormais  inaccessible.<\/p>\n<p>Mais la Champions League, seule comp\u00e9tition qui se refuse encore au  magnat russe Roman Abramovitch, est un point de mire tr\u00e8s int\u00e9ressant  pour les Blues, soucieux de sauver leur saison en brillant sur la sc\u00e8ne  europ\u00e9enne. Ils pourront \u00e9galement prendre exemple du succ\u00e8s (2-1) glan\u00e9  sur leur pelouse en Premier League, \u00e0 l&rsquo;occasion de la 18e journ\u00e9e,  contre les joueurs de MU.<\/p>\n","protected":false},"excerpt":{"rendered":"<p>Aller \u00e0 Stamford le 6 avril et retour le 12 \u00e0 OT en CL puis en PL le 5 mai<\/p>\n","protected":false},"author":6,"featured_media":0,"comment_status":"open","ping_status":"open","sticky":false,"template":"","format":"standard","meta":[],"categories":[6],"tags":[152,91,192,149],"_links":{"self":[{"href":"https:\/\/www.manutd-france.com\/v5\/wp-json\/wp\/v2\/posts\/1244"}],"collection":[{"href":"https:\/\/www.manutd-france.com\/v5\/wp-json\/wp\/v2\/posts"}],"about":[{"href":"https:\/\/www.manutd-france.com\/v5\/wp-json\/wp\/v2\/types\/post"}],"author":[{"embeddable":true,"href":"https:\/\/www.manutd-france.com\/v5\/wp-json\/wp\/v2\/users\/6"}],"replies":[{"embeddable":true,"href":"https:\/\/www.manutd-france.com\/v5\/wp-json\/wp\/v2\/comments?post=1244"}],"version-history":[{"count":2,"href":"https:\/\/www.manutd-france.com\/v5\/wp-json\/wp\/v2\/posts\/1244\/revisions"}],"predecessor-version":[{"id":1247,"href":"https:\/\/www.manutd-france.com\/v5\/wp-json\/wp\/v2\/posts\/1244\/revisions\/1247"}],"wp:attachment":[{"href":"https:\/\/www.manutd-france.com\/v5\/wp-json\/wp\/v2\/media?parent=1244"}],"wp:term":[{"taxonomy":"category","embeddable":true,"href":"https:\/\/www.manutd-france.com\/v5\/wp-json\/wp\/v2\/categories?post=1244"},{"taxonomy":"post_tag","embeddable":true,"href":"https:\/\/www.manutd-france.com\/v5\/wp-json\/wp\/v2\/tags?post=1244"}],"curies":[{"name":"wp","href":"https:\/\/api.w.org\/{rel}","templated":true}]}}