{"id":1149,"date":"2011-02-24T14:46:20","date_gmt":"2011-02-24T14:46:20","guid":{"rendered":"http:\/\/www.manutd-france.com\/v5\/?p=1149"},"modified":"2011-02-25T10:25:39","modified_gmt":"2011-02-25T10:25:39","slug":"om-man-utd-triste-nul","status":"publish","type":"post","link":"https:\/\/www.manutd-france.com\/v5\/om-man-utd-triste-nul\/","title":{"rendered":"OM &#8211; MAN UTD: Triste nul"},"content":{"rendered":"<div style=\"float: right; margin-left: 10px;\"><a href=\"https:\/\/twitter.com\/share\" class=\"twitter-share-button\" data-via=\"Muscfrance\" data-count=\"vertical\" data-url=\"https:\/\/www.manutd-france.com\/v5\/om-man-utd-triste-nul\/\">Tweet<\/a><\/div>\n<p>Ce d\u00e9placement me laissera un go\u00fbt mi-figue, mi raisin.<\/p>\n<p>Parti sous un froid glacial de Paris, l&rsquo;arriv\u00e9e \u00e0 Marseille trois heures plus tard se fait sous un radieux soleil. Aussit\u00f4t direction le vieux port via la Canebi\u00e8re. On sait qu&rsquo;on approche des deux pubs \u00e0 voir la densit\u00e9 croissante des v\u00e9hicules des CRS. Ils n&rsquo;auront que tr\u00e8s peu de travail car tout va bien se passer.<br \/>\nLes deux pubs, The Shamrck et le O&rsquo;Malley sont en \u00e9bullition. La bi\u00e8re coule \u00e0 flot et les chants surgissent de partout avec comme top one, l&rsquo;hymne \u00e0 Cantona. Les marseillais de passage sourient en coin.<\/p>\n<p>Les french Reds se retrouvent petit \u00e0 petit autour de leur drapeau et leur photo se retrouvera le lendemain dans un reportage du journal r\u00e9gional\u00a0 \u00ab\u00a0La provence\u00a0\u00bb.<\/p>\n<p><a href=\"http:\/\/www.manutd-france.com\/v5\/wp-content\/uploads\/2011\/02\/laprovence.jpg\"><br \/>\n<\/a><a href=\"http:\/\/www.manutd-france.com\/v5\/wp-content\/uploads\/2011\/02\/OM-Man-3-.jpg\"><img decoding=\"async\" loading=\"lazy\" class=\"alignleft size-medium wp-image-1155\" title=\"OM - Man 3\" src=\"http:\/\/www.manutd-france.com\/v5\/wp-content\/uploads\/2011\/02\/OM-Man-3--300x225.jpg\" alt=\"\" width=\"300\" height=\"225\" \/><\/a>Mais l&rsquo;apr\u00e8s midi passe vite et il faut partir vers le stade v\u00e9lodrome. Une vingtaine de cars emm\u00e8ne les heureux d\u00e9tenteurs d&rsquo;un place dans la tribune \u00ab\u00a0visiteurs\u00a0\u00bb dont Yan, Thibaut et Mathieu. Les autres partent en m\u00e9tro.<\/p>\n<p>Le stade v\u00e9lodrome n&rsquo;est pas particuli\u00e8rement impressionnant, pas plus que l&rsquo;ambiance mise par les supporters marseillais qui ressemble plus \u00e0 un chahut de coll\u00e9giens. Curieusement, la tribune \u00ab\u00a0visiteurs\u00a0\u00bb est calme. Y aurait-il eu un soporifique dans la bi\u00e8re. Seuls surgissent quelques fumig\u00e8nes, ce qui est rare chez nous et qui ne va pas plaire \u00e0 l&rsquo;UEFA.<\/p>\n<p>Quant au match en lui-m\u00eame, il fut tr\u00e8s d\u00e9cevant. Pas de quoi il est vrai enflamm\u00e9 des supporters. Un seul tir de Fletcher mal capt\u00e9 par le gardien, quelques perc\u00e9es de Nani, pas grand chose de Wayne. Une d\u00e9fense \u00e0 l&rsquo;italienne. Du solide certes mais ennuyeux.<\/p>\n<p>Score nul 0 \u00e0 0 illustr\u00e9 par l&rsquo;absence de cartons jaunes qui traduit le faible engagement des deux c\u00f4t\u00e9s.<\/p>\n<p>Ferguson le reconnait lui-m\u00eame. Man Utd nous a tellement g\u00e2t\u00e9 que l&rsquo;on attend autre chose surtout apr\u00e8s avoir travers\u00e9 la France.<\/p>\n<p>Heureusement, tout finit \u00e0 nouveau autour d&rsquo;une bi\u00e8re en se disant qu&rsquo;il faudrait \u00eatre plus fid\u00e8le au d\u00e9placement de Man utd en Champions League.<\/p>\n","protected":false},"excerpt":{"rendered":"<p>Ferguson le reconnait lui-m\u00eame.<\/p>\n","protected":false},"author":6,"featured_media":0,"comment_status":"open","ping_status":"open","sticky":false,"template":"","format":"standard","meta":[],"categories":[5,3],"tags":[17,97,96],"_links":{"self":[{"href":"https:\/\/www.manutd-france.com\/v5\/wp-json\/wp\/v2\/posts\/1149"}],"collection":[{"href":"https:\/\/www.manutd-france.com\/v5\/wp-json\/wp\/v2\/posts"}],"about":[{"href":"https:\/\/www.manutd-france.com\/v5\/wp-json\/wp\/v2\/types\/post"}],"author":[{"embeddable":true,"href":"https:\/\/www.manutd-france.com\/v5\/wp-json\/wp\/v2\/users\/6"}],"replies":[{"embeddable":true,"href":"https:\/\/www.manutd-france.com\/v5\/wp-json\/wp\/v2\/comments?post=1149"}],"version-history":[{"count":3,"href":"https:\/\/www.manutd-france.com\/v5\/wp-json\/wp\/v2\/posts\/1149\/revisions"}],"predecessor-version":[{"id":1152,"href":"https:\/\/www.manutd-france.com\/v5\/wp-json\/wp\/v2\/posts\/1149\/revisions\/1152"}],"wp:attachment":[{"href":"https:\/\/www.manutd-france.com\/v5\/wp-json\/wp\/v2\/media?parent=1149"}],"wp:term":[{"taxonomy":"category","embeddable":true,"href":"https:\/\/www.manutd-france.com\/v5\/wp-json\/wp\/v2\/categories?post=1149"},{"taxonomy":"post_tag","embeddable":true,"href":"https:\/\/www.manutd-france.com\/v5\/wp-json\/wp\/v2\/tags?post=1149"}],"curies":[{"name":"wp","href":"https:\/\/api.w.org\/{rel}","templated":true}]}}