{"id":1001,"date":"2011-01-09T10:27:18","date_gmt":"2011-01-09T10:27:18","guid":{"rendered":"http:\/\/www.manutd-france.com\/v5\/?p=1001"},"modified":"2011-01-09T10:27:18","modified_gmt":"2011-01-09T10:27:18","slug":"rooney-sera-pret-contre-liverpool","status":"publish","type":"post","link":"https:\/\/www.manutd-france.com\/v5\/rooney-sera-pret-contre-liverpool\/","title":{"rendered":"Rooney sera pr\u00eat contre Liverpool"},"content":{"rendered":"<div style=\"float: right; margin-left: 10px;\"><a href=\"https:\/\/twitter.com\/share\" class=\"twitter-share-button\" data-via=\"Muscfrance\" data-count=\"vertical\" data-url=\"https:\/\/www.manutd-france.com\/v5\/rooney-sera-pret-contre-liverpool\/\">Tweet<\/a><\/div>\n<p>Sir Alex Ferguson \u00e0 confirm\u00e9 que Wayne Rooney sera bien pr\u00e9sent dimanche \u00e0 Old Trafford face \u00e0 Liverpool.<\/p>\n<p>Rooney a manqu\u00e9 le match contre Stoke en championnat \u00e0 cause d&rsquo;une petite blessure \u00e0 la cheville mardi dernier.<\/p>\n<p>L&rsquo;international Anglais \u00e0 risqu\u00e9 bien plus qu&rsquo;une petite blessure apr\u00e8s \u00eatre revenu sur le terrain en boitant \u00e0 West Bromwich en fin de match.<\/p>\n<p>Rooney est revenu \u00e0 l&rsquo;entrainement jeudi et est en route pour revenir face \u00e0 ses rivaux de Liverpool.<\/p>\n<p>\u00ab\u00a0Si cela avait \u00e9t\u00e9 s\u00e9rieux, il ne serait pas rentr\u00e9 en fin de match la semaine pass\u00e9\u00a0\u00bb<\/p>\n<p>\u00ab\u00a0Peut-\u00eatre que ce n&rsquo;\u00e9tait pas la bonne chose \u00e0 faire pour l&rsquo;avoir pr\u00eat face \u00e0 Stoke, mais il a recommenc\u00e9 l&rsquo;entrainement jeudi sans probl\u00e8me et sera ok pour dimanche.\u00a0\u00bb<\/p>\n<h4>Le choix dans les cages<\/h4>\n<p>Ferguson \u00e9sp\u00e8re aussi que son gardien titulaire, Edwin Van der Sar sera de retour pour le match apr\u00e8s en avoir loup\u00e9 deux \u00e0 cause de la grippe.<\/p>\n<p>Tomasz  Kuszczak a d\u00e9but\u00e9 en l&rsquo;absence du Hollandais, et le Polonais continuera si le v\u00e9t\u00e9ran n&rsquo;est toujours pas remis, m\u00eame si\u00a0 Anders Lindegaard est maintenant utilisable pour Fergie.<\/p>\n<p>\u00ab\u00a0Lindegaard est ok depuis vendredi.\u00a0\u00bb<\/p>\n<p>\u00ab\u00a0Tomasz \u00e0 \u00e9t\u00e9 tr\u00e8s performant lors de ses deux derniers matchs, c&rsquo;est un luxe pour nous\u00a0\u00bb.<\/p>\n<p>\u00ab\u00a0Anders s&rsquo;est tr\u00e8s bien entrain\u00e9 avec nous, mais il n&rsquo;a pas encore d&rsquo;\u00e9xp\u00e9rience pour le jeu Anglais, et ce serait un grand risque\u00a0\u00bb<\/p>\n<p>\u00ab\u00a0Cela d\u00e9pendra d&rsquo;Edwin, mais je pense titularis\u00e9 Tomasz dans ce match.\u00a0\u00bb<\/p>\n<p><em>Source : www.skysports.com <\/em><\/p>\n","protected":false},"excerpt":{"rendered":"<p>Malgr\u00e9 une blessure la semaine pass\u00e9, Wayne Rooney est r\u00e9tabli et pr\u00eat \u00e0 en d\u00e9coudre. <\/p>\n","protected":false},"author":15,"featured_media":0,"comment_status":"open","ping_status":"open","sticky":false,"template":"","format":"standard","meta":[],"categories":[6],"tags":[123,122,107,83,53,16,124],"_links":{"self":[{"href":"https:\/\/www.manutd-france.com\/v5\/wp-json\/wp\/v2\/posts\/1001"}],"collection":[{"href":"https:\/\/www.manutd-france.com\/v5\/wp-json\/wp\/v2\/posts"}],"about":[{"href":"https:\/\/www.manutd-france.com\/v5\/wp-json\/wp\/v2\/types\/post"}],"author":[{"embeddable":true,"href":"https:\/\/www.manutd-france.com\/v5\/wp-json\/wp\/v2\/users\/15"}],"replies":[{"embeddable":true,"href":"https:\/\/www.manutd-france.com\/v5\/wp-json\/wp\/v2\/comments?post=1001"}],"version-history":[{"count":1,"href":"https:\/\/www.manutd-france.com\/v5\/wp-json\/wp\/v2\/posts\/1001\/revisions"}],"predecessor-version":[{"id":1003,"href":"https:\/\/www.manutd-france.com\/v5\/wp-json\/wp\/v2\/posts\/1001\/revisions\/1003"}],"wp:attachment":[{"href":"https:\/\/www.manutd-france.com\/v5\/wp-json\/wp\/v2\/media?parent=1001"}],"wp:term":[{"taxonomy":"category","embeddable":true,"href":"https:\/\/www.manutd-france.com\/v5\/wp-json\/wp\/v2\/categories?post=1001"},{"taxonomy":"post_tag","embeddable":true,"href":"https:\/\/www.manutd-france.com\/v5\/wp-json\/wp\/v2\/tags?post=1001"}],"curies":[{"name":"wp","href":"https:\/\/api.w.org\/{rel}","templated":true}]}}